{"version":"2.0","class":"dataset","label":"Default","update":"2026-03-31","note":"K posledn\u00e9mu d\u0148u sledovan\u00e9ho roku.\n\u00dadaje s\u00fa prevzat\u00e9 z \u00dastredia pr\u00e1ce, soci\u00e1lnych vec\u00ed a rodiny\nZa roky 2012-2025 s\u00fa \u00fadaje predbe\u017en\u00e9.\n\u00dadaj s bodkou _nie je dostupn\u00fd od roku 2023 na \u00farovni okresu\nZdroj \u00fadajov:\n\u00darad pr\u00e1ce, soci\u00e1lnych vec\u00ed a\u00a0rodiny\n","href":"http:\/\/datacube.statistics.sk\/#!\/view\/sk\/VBD_SK_WIN\/pr3108rr\/v_pr3108rr_00_00_00_sk","id":["nuts14","pr3108rr_rok","pr3108rr_ukaz","pr3108rr_dim1","pr3108rr_data"],"size":[1,1,1,1,1],"role":{"time":["pr3108rr_rok"],"geo":["nuts14"],"metric":["pr3108rr_data"]},"dimension":{"nuts14":{"label":"nuts14","note":"0 SR + Oblasti + Kraje + Okresy","category":{"index":{"SK031":0},"label":{"SK031":"\u017dilinsk\u00fd kraj"}}},"pr3108rr_rok":{"label":"pr3108rr_rok","note":"Rok","category":{"index":{"2025":0}}},"pr3108rr_ukaz":{"label":"pr3108rr_ukaz","note":"Ukazovate\u013e","category":{"index":{"MIERA_NEZAM":0},"label":{"MIERA_NEZAM":"Miera evidovanej nezamestnanosti (v %)"}}},"pr3108rr_dim1":{"label":"pr3108rr_dim1","note":"Pohlavie","category":{"index":{"3":0},"label":{"3":"Spolu"}}},"pr3108rr_data":{"label":"pr3108rr_data","note":"Data","category":{"index":{"NUM_VALUE":0},"label":{"NUM_VALUE":"hodnota"}}}},"value":[4.55]}